{"id":290,"date":"2019-08-05T14:20:07","date_gmt":"2019-08-05T14:20:07","guid":{"rendered":"https:\/\/beta.wsf31.de\/wp\/?p=290"},"modified":"2023-11-01T16:16:05","modified_gmt":"2023-11-01T16:16:05","slug":"european-master-games-2019","status":"publish","type":"post","link":"https:\/\/wsf31.de\/?p=290","title":{"rendered":"EUROPEAN MASTER GAMES 2019"},"content":{"rendered":"\n<p>European Master Games 2019 in Turin<\/p>\n\n\n\n<figure class=\"wp-block-image is-resized\"><img decoding=\"async\" src=\"https:\/\/www.alt.wsf31.de\/joomla30\/images\/Bilder\/2019\/emg\/11.jpeg\" alt=\"\" style=\"aspect-ratio:0.8374164810690423;width:325px;height:auto\"\/><\/figure>\n\n\n\n<p>Alle 4 Jahre finden die Meisterschaften der Altersklasse von 30 an aufw\u00e4rts statt. Hier messen sich die Athleten in vielen verschiedenen Sportarten, wie Leichtathletik, Marathon, Rennsport, Fu\u00dfball etc. Dieses Jahr fanden sie in Turin statt und hatten auch die Kategorie Kanuslalom im Programm.<\/p>\n\n\n\n<p>30 Sportler aus ganz Deutschland machten sich auf den Weg nach Ivrea an der Dora Baltea um noch vorher auf der Strecke zu trainieren, da sie sehr anspruchsvoll mit vielen Abs\u00e4tzen und Walzen ist. Hier fand 2018 noch die Junior bzw. U23 Kanuslalom WM statt und nun die EM der Masters.<\/p>\n\n\n\n<p>Vom WSF 31 K\u00f6ln starteten Richard Bender (Kategorie K1 m\u00e4nnlich 50 \u2013 54) und Martina R\u00fcbhausen (Kategorie K1 weiblich 55 \u2013 59) sowie Evi Huss (Kategorie K1 weiblich 45 \u2013 50).<\/p>\n\n\n\n<p>Bei den Masters werden die Sieger in 5-jahres Schritten ausgefahren. Die \u00e4ltesten Teilnehmer fuhren in der Kategorie 70 \u2013 74 und waren alle m\u00e4nnlich. Die \u00e4lteste Starterin im Kanuslalom war Gisela Grothaus im der Kategorie K1 weiblich 60 \u2013 64.<\/p>\n\n\n\n<figure class=\"wp-block-image\"><img decoding=\"async\" src=\"https:\/\/www.alt.wsf31.de\/joomla30\/images\/Bilder\/2019\/emg\/02.jpeg\" alt=\"\"\/><\/figure>\n\n\n\n<p>Deutsche Mannschaft incl. Angeh\u00f6rigen\/Fans<\/p>\n\n\n\n<figure class=\"wp-block-image\"><img decoding=\"async\" src=\"https:\/\/www.alt.wsf31.de\/joomla30\/images\/Bilder\/2019\/emg\/06.jpeg\" alt=\"\"\/><\/figure>\n\n\n\n<p>Kordula Striepecke &#8211; Giuseppe di Angelo (Organisator Ivrea Canoe Club) und Martina R\u00fcbhausen<\/p>\n\n\n\n<p>&nbsp;Zur Einstimmung der EMG hatte sich R\u00fcbe mit Karlheinz Heckel aus Augsburg f\u00fcr die Distanz 1000 Meter bei den Rennsportwettbewerben angemeldet. Das Rennen fand am Mittwoch den 30.7. morgens um 10.20 statt. Ein Boot hatten wir bis 1 Tag vorher nicht. Woher auch?! Wir sind doch Slalomfahrer! Auf der Suche nach einem K2 wurden wir bei Sportlern aus Wittenberg f\u00fcndig, die uns einen K2 aus Holz von 1972 ausliehen. Kalle hatte zwar noch nie in einem Rennboot gesessen, aber als wir den n\u00e4chsten Morgen es vor unserem Start ausprobierten ging es nach anf\u00e4nglichen Wackeleien erstaunlich gut.<\/p>\n\n\n\n<p>Als unsere Konkurrenten und die Startcrew unsere Slalompaddel dann bemerkten war das Gel\u00e4chter gro\u00df. Leider brach mir ab der Mitte der Strecke die Fu\u00dfst\u00fctze auf der einen Seite weg und auf den letzten 200 Metern dann auf der anderen Seite, so da\u00df an Endspurt nicht wirklich zu denken war. Somit mussten wir uns mit dem 3. Platz zufriedengeben, \u00fcber den wir aber super gl\u00fccklich waren, weil wir \u201elebend&#8220; ohne auf der Strecke rein zu fallen angekommen sind. Das Reinfallen haben wir dann beim Aussteigen am Steg nachgeholt.<\/p>\n\n\n\n<p><img decoding=\"async\" width=\"600\" src=\"https:\/\/www.wsf31.de\/joomla30\/images\/Bilder\/2019\/emg\/12.jpg\" alt=\"\"><br><\/p>\n\n\n\n<figure class=\"wp-block-image\"><img decoding=\"async\" src=\"https:\/\/www.alt.wsf31.de\/joomla30\/images\/Bilder\/2019\/emg\/12.jpg\" alt=\"\"\/><\/figure>\n\n\n\n<p><img decoding=\"async\" width=\"600\" src=\"https:\/\/www.wsf31.de\/joomla30\/images\/Bilder\/2019\/emg\/07.jpeg\" alt=\"\"><\/p>\n\n\n\n<figure class=\"wp-block-image\"><img decoding=\"async\" src=\"https:\/\/www.alt.wsf31.de\/joomla30\/images\/Bilder\/2019\/emg\/07.jpeg\" alt=\"\"\/><\/figure>\n\n\n\n<p>K2 Mix 1000 Meter mit Karlheinz Heckel (Augsburg)<\/p>\n\n\n\n<p>Am Samstag den 3.8. wurde es dann im Slalom ernst.<\/p>\n\n\n\n<p>Richard Bender startete in einem der st\u00e4rksten Felder. 15 Konkurrenten gingen an den Start. Unter anderem Ingo Kriesinger, der immer noch international f\u00fcr Belgien startet und Thomas Becker, der 1996 bei der Olympiade den 3. Platz erreichte. Des Weiteren starteten noch 2 weitere Deutsche aus L\u00fcneburg und Augsburg sowie aus den L\u00e4ndern Slowenien, Italien, England, Frankreich, Russland. Das Rennen war spannend und Richard belegte nach dem 1. Lauf Platz 3 mit einer Torstabber\u00fchrung und einer Fahrzeit von 89,3 und somit knapp 4 Sekunden R\u00fcckstand auf Platz 1 von Ingo Kriesinger. Im 2. Lauf fuhr er noch eine knappere Linie um die fehlenden Sekunden raus zu fahren. Leider vereitelte eine Welle die das Boot unter einen Torstab schob eine Platzierung auf dem Treppchen. Zum Schluss wurde es Platz 4 mit 2 Torstabber\u00fchrungen und 5,5 Sekunden R\u00fcckstand zum Gewinner, da sich noch der vorher 5. Platzierte Russe wesentlich verbesserte und auf Platz 3 schob.<\/p>\n\n\n\n<p><img decoding=\"async\" width=\"600\" src=\"https:\/\/www.wsf31.de\/joomla30\/images\/Bilder\/2019\/emg\/17.jpg\" alt=\"\"><\/p>\n\n\n\n<figure class=\"wp-block-image\"><img decoding=\"async\" src=\"https:\/\/www.alt.wsf31.de\/joomla30\/images\/Bilder\/2019\/emg\/17.jpg\" alt=\"\"\/><\/figure>\n\n\n\n<p>Richard Bender<\/p>\n\n\n\n<figure class=\"wp-block-image\"><img decoding=\"async\" src=\"https:\/\/www.alt.wsf31.de\/joomla30\/images\/Bilder\/2019\/emg\/18.jpg\" alt=\"\"\/><\/figure>\n\n\n\n<p><img decoding=\"async\" width=\"600\" src=\"https:\/\/www.wsf31.de\/joomla30\/images\/Bilder\/2019\/emg\/18.jpg\" alt=\"\"><br>Richard Bender<\/p>\n\n\n\n<p><img decoding=\"async\" width=\"600\" src=\"https:\/\/www.wsf31.de\/joomla30\/images\/Bilder\/2019\/emg\/27.jpg\" alt=\"\">&nbsp;<br><\/p>\n\n\n\n<figure class=\"wp-block-image\"><img decoding=\"async\" src=\"https:\/\/www.alt.wsf31.de\/joomla30\/images\/Bilder\/2019\/emg\/27.jpg\" alt=\"\"\/><\/figure>\n\n\n\n<p>Richard Bender&nbsp;<\/p>\n\n\n\n<p><img decoding=\"async\" width=\"600\" src=\"https:\/\/www.wsf31.de\/joomla30\/images\/Bilder\/2019\/emg\/26.jpg\" alt=\"\"><br><\/p>\n\n\n\n<figure class=\"wp-block-image\"><img decoding=\"async\" src=\"https:\/\/www.alt.wsf31.de\/joomla30\/images\/Bilder\/2019\/emg\/26.jpg\" alt=\"\"\/><\/figure>\n\n\n\n<p>Richard Bender&nbsp;<\/p>\n\n\n\n<figure class=\"wp-block-image\"><img decoding=\"async\" src=\"https:\/\/www.alt.wsf31.de\/joomla30\/images\/Bilder\/2019\/emg\/30.jpg\" alt=\"\"\/><\/figure>\n\n\n\n<p><br>Richard Bender&nbsp;&nbsp;<\/p>\n\n\n\n<p><img decoding=\"async\" width=\"600\" src=\"https:\/\/www.wsf31.de\/joomla30\/images\/Bilder\/2019\/emg\/28.jpg\" alt=\"\"><\/p>\n\n\n\n<figure class=\"wp-block-image\"><img decoding=\"async\" src=\"https:\/\/www.alt.wsf31.de\/joomla30\/images\/Bilder\/2019\/emg\/28.jpg\" alt=\"\"\/><\/figure>\n\n\n\n<p><br>Richard Bender&nbsp;<\/p>\n\n\n\n<p>&nbsp;<\/p>\n\n\n\n<figure class=\"wp-block-image\"><img decoding=\"async\" src=\"https:\/\/www.alt.wsf31.de\/joomla30\/images\/Bilder\/2019\/emg\/29.jpg\" alt=\"\"\/><\/figure>\n\n\n\n<p><img decoding=\"async\" width=\"600\" src=\"https:\/\/www.wsf31.de\/joomla30\/images\/Bilder\/2019\/emg\/29.jpg\" alt=\"\"><br>Richard Bender&nbsp;<\/p>\n\n\n\n<h4 class=\"wp-block-heading\">Besser lief es daf\u00fcr bei Martina \u201eR\u00fcbe&#8220; R\u00fcbhausen. In ihrer Altersklasse starteten 4 Personen aus Deutschland, Russland und Italien. Nach dem 1. Lauf belegte sie Platz 2. Die Fahrt war zwar f\u00fcr sie nicht zufrieden stellend, da sie an einem Tor vorbeifuhr und eine Hilfsschleife mit absolvieren musste, aber im Gegensatz zur Italienerin hatte sie schon mal eine Ausgangsposition. Den 2. Lauf fuhr sie dann engagierter was zu einer wesentlichen Verbesserung der Fahrzeit f\u00fchrte. Es war aber immer noch nicht richtig gut, weshalb sie sich der deutschen Konkurrentin Kordula Striepecke (Schwerte), die fr\u00fcher in ihrer aktiven Zeit auch viele internationale Erfolge einfuhr, geschlagen gab.<\/h4>\n\n\n\n<p><img decoding=\"async\" width=\"600\" src=\"https:\/\/www.wsf31.de\/joomla30\/images\/Bilder\/2019\/emg\/19.jpg\" alt=\"\"><br><\/p>\n\n\n\n<figure class=\"wp-block-image\"><img decoding=\"async\" src=\"https:\/\/www.alt.wsf31.de\/joomla30\/images\/Bilder\/2019\/emg\/19.jpg\" alt=\"\"\/><\/figure>\n\n\n\n<p>Martina&nbsp;R\u00fcbhausen<\/p>\n\n\n\n<p>&nbsp;<\/p>\n\n\n\n<figure class=\"wp-block-image\"><img decoding=\"async\" src=\"https:\/\/www.alt.wsf31.de\/joomla30\/images\/Bilder\/2019\/emg\/20.jpg\" alt=\"\"\/><\/figure>\n\n\n\n<p><img decoding=\"async\" width=\"600\" src=\"https:\/\/www.wsf31.de\/joomla30\/images\/Bilder\/2019\/emg\/20.jpg\" alt=\"\"><br>Martina&nbsp;R\u00fcbhausen<\/p>\n\n\n\n<p><img decoding=\"async\" width=\"600\" src=\"https:\/\/www.wsf31.de\/joomla30\/images\/Bilder\/2019\/emg\/04.jpeg\" alt=\"\"><\/p>\n\n\n\n<figure class=\"wp-block-image\"><img decoding=\"async\" src=\"https:\/\/www.alt.wsf31.de\/joomla30\/images\/Bilder\/2019\/emg\/04.jpeg\" alt=\"\"\/><\/figure>\n\n\n\n<p><br>Einzel mit Kordula Striepecke Gold und Luisa Pugliese\/Italien<br><img decoding=\"async\" width=\"600\" src=\"https:\/\/www.wsf31.de\/joomla30\/images\/Bilder\/2019\/emg\/05.jpeg\" alt=\"\"><\/p>\n\n\n\n<figure class=\"wp-block-image\"><img decoding=\"async\" src=\"https:\/\/www.alt.wsf31.de\/joomla30\/images\/Bilder\/2019\/emg\/05.jpeg\" alt=\"\"\/><\/figure>\n\n\n\n<p><br>Einzel mit Kordula Striepecke Gold und Luisa Pugliese\/Italien<\/p>\n\n\n\n<h4 class=\"wp-block-heading\">Sogar Evi Huss \u2013 derzeit in Augsburg lebend \u2013 war mit ihrem j\u00fcngsten Kind David angereist um bei den Masters zu starten. Sie beherrschte Ihre russischen Konkurrentinnen souver\u00e4n, weshalb sie ihre Kategorie mit \u00fcber 25 Sekunden Vorsprung gewann. David hatte sich w\u00e4hrend der ganzen Woche ebenfalls mit vorbereitet und durfte als Forrunner den \u201ealten&#8220; Teilnehmern die Strecke vorfahren.<\/h4>\n\n\n\n<p><img decoding=\"async\" width=\"600\" src=\"https:\/\/www.wsf31.de\/joomla30\/images\/Bilder\/2019\/emg\/13.jpg\" alt=\"\"><\/p>\n\n\n\n<figure class=\"wp-block-image\"><img decoding=\"async\" src=\"https:\/\/www.alt.wsf31.de\/joomla30\/images\/Bilder\/2019\/emg\/13.jpg\" alt=\"\"\/><\/figure>\n\n\n\n<p><br>Evi Hess<\/p>\n\n\n\n<figure class=\"wp-block-image\"><img decoding=\"async\" src=\"https:\/\/www.alt.wsf31.de\/joomla30\/images\/Bilder\/2019\/emg\/14.jpg\" alt=\"\"\/><\/figure>\n\n\n\n<p>&nbsp;<img decoding=\"async\" width=\"600\" src=\"https:\/\/www.wsf31.de\/joomla30\/images\/Bilder\/2019\/emg\/14.jpg\" alt=\"\"><br>Evi Hess<\/p>\n\n\n\n<p><img decoding=\"async\" width=\"600\" src=\"https:\/\/www.wsf31.de\/joomla30\/images\/Bilder\/2019\/emg\/15.jpg\" alt=\"\"><\/p>\n\n\n\n<figure class=\"wp-block-image\"><img decoding=\"async\" src=\"https:\/\/www.alt.wsf31.de\/joomla30\/images\/Bilder\/2019\/emg\/15.jpg\" alt=\"\"\/><\/figure>\n\n\n\n<p>&nbsp;<br>David Becke Forrunner<\/p>\n\n\n\n<p><img decoding=\"async\" width=\"600\" src=\"https:\/\/www.wsf31.de\/joomla30\/images\/Bilder\/2019\/emg\/16.jpg\" alt=\"\"><\/p>\n\n\n\n<figure class=\"wp-block-image\"><img decoding=\"async\" src=\"https:\/\/www.alt.wsf31.de\/joomla30\/images\/Bilder\/2019\/emg\/16.jpg\" alt=\"\"\/><\/figure>\n\n\n\n<p><br>David Becke Forrunner<\/p>\n\n\n\n<h4 class=\"wp-block-heading\">Zum Abschluss der Masters gab es dann noch einen Mannschaftslauf in den verschiedenen Kategorien. Hier fuhr Evi mit Mandy Benzin und Lisa Micheler-Jones zusammen auf Goldkurs. R\u00fcbe machte es ihr mit Kordula Striepecke und Janet Steinbrenner nach und Richard fuhr in einem umk\u00e4mpften Rennen ebenfalls mit Thomas Becker und Andreas Leonhard auf Platz 1. Hier betrug der Abstand zum Schluss nur 1,01 Sekunden zum weiteren deutschen Team mit Ingo Kriesinger, Peter Micheler und Karlheinz Heckel (alle in Augsburg lebend und dort auch regelm\u00e4\u00dfig trainierend).<\/h4>\n\n\n\n<p><img decoding=\"async\" width=\"600\" src=\"https:\/\/www.wsf31.de\/joomla30\/images\/Bilder\/2019\/emg\/08.jpeg\" alt=\"\"><\/p>\n\n\n\n<figure class=\"wp-block-image\"><img decoding=\"async\" src=\"https:\/\/www.alt.wsf31.de\/joomla30\/images\/Bilder\/2019\/emg\/08.jpeg\" alt=\"\"\/><\/figure>\n\n\n\n<p>&nbsp;<br>Mannschaftsgold 50+ mit Kordula Striepecke (Schwerte) und Janet Steinbrenner (Augsburg)<\/p>\n\n\n\n<p><img decoding=\"async\" width=\"600\" src=\"https:\/\/www.wsf31.de\/joomla30\/images\/Bilder\/2019\/emg\/22.jpg\" alt=\"\"><\/p>\n\n\n\n<figure class=\"wp-block-image\"><img decoding=\"async\" src=\"https:\/\/www.alt.wsf31.de\/joomla30\/images\/Bilder\/2019\/emg\/22.jpg\" alt=\"\"\/><\/figure>\n\n\n\n<p><br>Platz 1 Evi Huss\/Mandy Benzin\/Lisa Micheler-Jones Platz 2 Gisela Grothaus\/Yvonne Freyer\/Ang\u00e9lique Leonhard<\/p>\n\n\n\n<p><img decoding=\"async\" width=\"600\" src=\"https:\/\/www.wsf31.de\/joomla30\/images\/Bilder\/2019\/emg\/25.jpg\" alt=\"\"><\/p>\n\n\n\n<figure class=\"wp-block-image\"><img decoding=\"async\" src=\"https:\/\/www.alt.wsf31.de\/joomla30\/images\/Bilder\/2019\/emg\/25.jpg\" alt=\"\"\/><\/figure>\n\n\n\n<p><br>Richard Bender \/Andreas Leonhard\/Thomas Becker &#8211; Mannschaft<\/p>\n\n\n\n<p><img decoding=\"async\" width=\"600\" src=\"https:\/\/www.wsf31.de\/joomla30\/images\/Bilder\/2019\/emg\/10.jpeg\" alt=\"\"><\/p>\n\n\n\n<figure class=\"wp-block-image\"><img decoding=\"async\" src=\"https:\/\/www.alt.wsf31.de\/joomla30\/images\/Bilder\/2019\/emg\/25.jpg\" alt=\"\"\/><\/figure>\n\n\n\n<p><br>&nbsp;Platz 1 Richard&nbsp;Bender\/ Andreas Leonhard\/Thomas Becker Platz 2 Peter Micheler\/Karlheinz Heckel\/Ingo Kriesinger Platz 3 Italien<\/p>\n\n\n\n<figure class=\"wp-block-image\"><img decoding=\"async\" src=\"https:\/\/www.alt.wsf31.de\/joomla30\/images\/Bilder\/2019\/emg\/23.jpg\" alt=\"\"\/><\/figure>\n\n\n\n<p>Richard mit seiner Mannschaft Gold!&nbsp;<\/p>\n\n\n\n<p><img decoding=\"async\" width=\"600\" src=\"https:\/\/www.wsf31.de\/joomla30\/images\/Bilder\/2019\/emg\/09.jpeg\" alt=\"\">&nbsp;<\/p>\n\n\n\n<figure class=\"wp-block-image\"><img decoding=\"async\" src=\"https:\/\/www.alt.wsf31.de\/joomla30\/images\/Bilder\/2019\/emg\/09.jpeg\" alt=\"\"\/><\/figure>\n\n\n\n<p><br>Mannschaftsgold mit Kordula Striepecke und Janet Steinbrenner<\/p>\n\n\n\n<h4 class=\"wp-block-heading\">Alles in allem waren die deutschen Slalomkanuten in Ivrea sehr erfolgreich. Von den ca. 120 Startern stellte die deutsche Mannschaft 30 Starter, von denen bis auf 3 Starter alle mindestens 1 Medaille mit nach Hause nehmen konnten und die meisten waren golden.<\/h4>\n\n\n\n<p>Hiervon hat der WSF nun 4 Goldene, eine Silberne und vom Rennsport noch eine Bronzene.<\/p>\n\n\n\n<p>Die n\u00e4chste EMG findet 2023 in Finnland statt. Ob Kanuslalom dabei sein wird bleibt abzuwarten\u2026.<\/p>\n\n\n\n<p>Martina&nbsp;R\u00fcbhausen<\/p>\n\n\n\n<figure class=\"wp-block-image\"><img decoding=\"async\" src=\"https:\/\/www.alt.wsf31.de\/joomla30\/images\/Bilder\/2019\/emg\/emg.jpeg\" alt=\"\"\/><\/figure>\n","protected":false},"excerpt":{"rendered":"<p>European Master Games 2019 in Turin Alle 4 Jahre finden<\/p>\n","protected":false},"author":3,"featured_media":422,"comment_status":"closed","ping_status":"closed","sticky":false,"template":"template-page-builder.php","format":"standard","meta":{"footnotes":""},"categories":[29],"tags":[],"class_list":["post-290","post","type-post","status-publish","format-standard","has-post-thumbnail","hentry","category-kanuslalom"],"publishpress_future_action":{"enabled":false,"date":"2026-05-06 19:50:09","action":"change-status","newStatus":"draft","terms":[],"taxonomy":"category","extraData":[]},"publishpress_future_workflow_manual_trigger":{"enabledWorkflows":[]},"_links":{"self":[{"href":"https:\/\/wsf31.de\/index.php?rest_route=\/wp\/v2\/posts\/290","targetHints":{"allow":["GET"]}}],"collection":[{"href":"https:\/\/wsf31.de\/index.php?rest_route=\/wp\/v2\/posts"}],"about":[{"href":"https:\/\/wsf31.de\/index.php?rest_route=\/wp\/v2\/types\/post"}],"author":[{"embeddable":true,"href":"https:\/\/wsf31.de\/index.php?rest_route=\/wp\/v2\/users\/3"}],"replies":[{"embeddable":true,"href":"https:\/\/wsf31.de\/index.php?rest_route=%2Fwp%2Fv2%2Fcomments&post=290"}],"version-history":[{"count":5,"href":"https:\/\/wsf31.de\/index.php?rest_route=\/wp\/v2\/posts\/290\/revisions"}],"predecessor-version":[{"id":488,"href":"https:\/\/wsf31.de\/index.php?rest_route=\/wp\/v2\/posts\/290\/revisions\/488"}],"wp:featuredmedia":[{"embeddable":true,"href":"https:\/\/wsf31.de\/index.php?rest_route=\/wp\/v2\/media\/422"}],"wp:attachment":[{"href":"https:\/\/wsf31.de\/index.php?rest_route=%2Fwp%2Fv2%2Fmedia&parent=290"}],"wp:term":[{"taxonomy":"category","embeddable":true,"href":"https:\/\/wsf31.de\/index.php?rest_route=%2Fwp%2Fv2%2Fcategories&post=290"},{"taxonomy":"post_tag","embeddable":true,"href":"https:\/\/wsf31.de\/index.php?rest_route=%2Fwp%2Fv2%2Ftags&post=290"}],"curies":[{"name":"wp","href":"https:\/\/api.w.org\/{rel}","templated":true}]}}