{"id":1212,"date":"2025-10-26T18:11:35","date_gmt":"2025-10-26T17:11:35","guid":{"rendered":"https:\/\/wsf31.de\/?p=1212"},"modified":"2025-10-26T18:11:39","modified_gmt":"2025-10-26T17:11:39","slug":"tolle-vereinserfolge-bei-den-german-masters-im-kanu-slalom","status":"publish","type":"post","link":"https:\/\/wsf31.de\/?p=1212","title":{"rendered":"Tolle Vereinserfolge bei den German Masters im Kanu-Slalom"},"content":{"rendered":"\n<p>Die diesj\u00e4hrigen German Masters im Kanu-Slalom wurden ca. 450km von K\u00f6ln entfernt im kleinen Ort Zeitz, gelegen im s\u00fcdlichen Sachsen-Anhalt, ausgetragen.<\/p>\n\n\n\n<p>Unsere Vereinsfahrerin Martina R\u00fcbhausen konnte bei einem Starterfeld von gut 30 Vereinen und \u00fcber 160 Starts beeindruckende Erfolge vorweisen: Bei guten \u00e4u\u00dferen Bedingungen (15 Grad, Sonnenschein und trockene Witterung) bewies unsere Fahrerin ihre gute Saisonform. <\/p>\n\n\n\n<h2 class=\"wp-block-heading\">Erfolge im Mixed Team<\/h2>\n\n\n\n<p>Zun\u00e4chst errang Martina im C2er Mix \u00dc60 gemeinsam mit ihrem Mixed-Partner Sven Rottenberger von der KST Rhein-Ruhr den ersten Platz!<\/p>\n\n\n\n<figure class=\"wp-block-image size-large\"><img loading=\"lazy\" decoding=\"async\" width=\"1024\" height=\"768\" src=\"https:\/\/wsf31.de\/wp-content\/uploads\/2025\/10\/IMG-20251014-WA0000-1024x768.jpg\" alt=\"\" class=\"wp-image-1215\" srcset=\"https:\/\/wsf31.de\/wp-content\/uploads\/2025\/10\/IMG-20251014-WA0000-1024x768.jpg 1024w, https:\/\/wsf31.de\/wp-content\/uploads\/2025\/10\/IMG-20251014-WA0000-300x225.jpg 300w, https:\/\/wsf31.de\/wp-content\/uploads\/2025\/10\/IMG-20251014-WA0000-768x576.jpg 768w, https:\/\/wsf31.de\/wp-content\/uploads\/2025\/10\/IMG-20251014-WA0000-1536x1152.jpg 1536w, https:\/\/wsf31.de\/wp-content\/uploads\/2025\/10\/IMG-20251014-WA0000.jpg 1600w\" sizes=\"auto, (max-width: 1024px) 100vw, 1024px\" \/><figcaption class=\"wp-element-caption\"><strong>C2er Mix R\u00fcbhausen\/Rottenberger im Einsatz<\/strong><\/figcaption><\/figure>\n\n\n\n<figure class=\"wp-block-gallery has-nested-images columns-default is-cropped wp-block-gallery-1 is-layout-flex wp-block-gallery-is-layout-flex\">\n<figure class=\"wp-block-image size-large\"><img loading=\"lazy\" decoding=\"async\" width=\"1024\" height=\"875\" data-id=\"1213\" src=\"https:\/\/wsf31.de\/wp-content\/uploads\/2025\/10\/IMG-20251014-WA0004-1024x875.jpg\" alt=\"\" class=\"wp-image-1213\" srcset=\"https:\/\/wsf31.de\/wp-content\/uploads\/2025\/10\/IMG-20251014-WA0004-1024x875.jpg 1024w, https:\/\/wsf31.de\/wp-content\/uploads\/2025\/10\/IMG-20251014-WA0004-300x256.jpg 300w, https:\/\/wsf31.de\/wp-content\/uploads\/2025\/10\/IMG-20251014-WA0004-768x656.jpg 768w, https:\/\/wsf31.de\/wp-content\/uploads\/2025\/10\/IMG-20251014-WA0004-1536x1312.jpg 1536w, https:\/\/wsf31.de\/wp-content\/uploads\/2025\/10\/IMG-20251014-WA0004.jpg 1600w\" sizes=\"auto, (max-width: 1024px) 100vw, 1024px\" \/><figcaption class=\"wp-element-caption\"><strong>Siegerehrung mit strahlenden GewinnerInnen<\/strong><\/figcaption><\/figure>\n<\/figure>\n\n\n\n<h2 class=\"wp-block-heading\">Erfolge im Einzelstart<\/h2>\n\n\n\n<p>Etwas Pech hatte unsere Starterin allerdings im Wettbewerb der K1er: In einem schwierigen Teilabschnitt auf der Rutsche des Wasserparcours touchierte Martina einen Torstab mit der Bootsspitze, sodass diese Passage nicht sauber ausgefahren werden konnte. Konsequenz: insgesamt 50 Strafsekunden, sodass es am Ende leider &#8222;nur&#8220; der dritte Platz wurde. <\/p>\n\n\n\n<p>Auch im Wettbewerb der K1 Damen \u00dc 60 (Teilnehmerfeld mit insgesamt 7 Starterinnen) konnte sich Martina einen hervorragenden dritten Platz sichern! <\/p>\n\n\n\n<figure class=\"wp-block-image size-large\"><img loading=\"lazy\" decoding=\"async\" width=\"1024\" height=\"768\" src=\"https:\/\/wsf31.de\/wp-content\/uploads\/2025\/10\/IMG-20251014-WA0001-1024x768.jpg\" alt=\"\" class=\"wp-image-1216\" srcset=\"https:\/\/wsf31.de\/wp-content\/uploads\/2025\/10\/IMG-20251014-WA0001-1024x768.jpg 1024w, https:\/\/wsf31.de\/wp-content\/uploads\/2025\/10\/IMG-20251014-WA0001-300x225.jpg 300w, https:\/\/wsf31.de\/wp-content\/uploads\/2025\/10\/IMG-20251014-WA0001-768x576.jpg 768w, https:\/\/wsf31.de\/wp-content\/uploads\/2025\/10\/IMG-20251014-WA0001-1536x1152.jpg 1536w, https:\/\/wsf31.de\/wp-content\/uploads\/2025\/10\/IMG-20251014-WA0001.jpg 1600w\" sizes=\"auto, (max-width: 1024px) 100vw, 1024px\" \/><figcaption class=\"wp-element-caption\"><strong>vorbildliche Slalomtechnik<\/strong><\/figcaption><\/figure>\n\n\n\n<figure class=\"wp-block-image size-large\"><img loading=\"lazy\" decoding=\"async\" width=\"1016\" height=\"1024\" src=\"https:\/\/wsf31.de\/wp-content\/uploads\/2025\/10\/IMG-20251014-WA0003-1016x1024.jpg\" alt=\"\" class=\"wp-image-1214\" srcset=\"https:\/\/wsf31.de\/wp-content\/uploads\/2025\/10\/IMG-20251014-WA0003-1016x1024.jpg 1016w, https:\/\/wsf31.de\/wp-content\/uploads\/2025\/10\/IMG-20251014-WA0003-298x300.jpg 298w, https:\/\/wsf31.de\/wp-content\/uploads\/2025\/10\/IMG-20251014-WA0003-150x150.jpg 150w, https:\/\/wsf31.de\/wp-content\/uploads\/2025\/10\/IMG-20251014-WA0003-768x774.jpg 768w, https:\/\/wsf31.de\/wp-content\/uploads\/2025\/10\/IMG-20251014-WA0003-1524x1536.jpg 1524w, https:\/\/wsf31.de\/wp-content\/uploads\/2025\/10\/IMG-20251014-WA0003-1024x1032.jpg 1024w, https:\/\/wsf31.de\/wp-content\/uploads\/2025\/10\/IMG-20251014-WA0003.jpg 2032w\" sizes=\"auto, (max-width: 1016px) 100vw, 1016px\" \/><figcaption class=\"wp-element-caption\"><strong>Siegerehrung im Einzel<\/strong><\/figcaption><\/figure>\n\n\n\n<p>Bei der abschlie\u00dfenden Abendveranstaltung mitsamt Siegerehrung und Livemusik konnte dann entspannt auf die spannenden und knappen Wettkampfentscheidungen zur\u00fcckgeblickt werden&#8230;. <\/p>\n\n\n\n<figure class=\"wp-block-image size-large\"><img loading=\"lazy\" decoding=\"async\" width=\"1024\" height=\"768\" src=\"https:\/\/wsf31.de\/wp-content\/uploads\/2025\/10\/IMG-20251014-WA0002-1024x768.jpg\" alt=\"\" class=\"wp-image-1217\" srcset=\"https:\/\/wsf31.de\/wp-content\/uploads\/2025\/10\/IMG-20251014-WA0002-1024x768.jpg 1024w, https:\/\/wsf31.de\/wp-content\/uploads\/2025\/10\/IMG-20251014-WA0002-300x225.jpg 300w, https:\/\/wsf31.de\/wp-content\/uploads\/2025\/10\/IMG-20251014-WA0002-768x576.jpg 768w, https:\/\/wsf31.de\/wp-content\/uploads\/2025\/10\/IMG-20251014-WA0002-1536x1152.jpg 1536w, https:\/\/wsf31.de\/wp-content\/uploads\/2025\/10\/IMG-20251014-WA0002.jpg 1600w\" sizes=\"auto, (max-width: 1024px) 100vw, 1024px\" \/><\/figure>\n","protected":false},"excerpt":{"rendered":"<p>Die diesj\u00e4hrigen German Masters im Kanu-Slalom wurden ca. 450km von<\/p>\n","protected":false},"author":13,"featured_media":1219,"comment_status":"closed","ping_status":"closed","sticky":false,"template":"","format":"aside","meta":{"footnotes":""},"categories":[15],"tags":[],"class_list":["post-1212","post","type-post","status-publish","format-aside","has-post-thumbnail","hentry","category-vereinsnachrichten-allgemein","post_format-post-format-aside"],"publishpress_future_action":{"enabled":false,"date":"2026-05-08 15:01:30","action":"change-status","newStatus":"draft","terms":[],"taxonomy":"category","extraData":[]},"publishpress_future_workflow_manual_trigger":{"enabledWorkflows":[]},"_links":{"self":[{"href":"https:\/\/wsf31.de\/index.php?rest_route=\/wp\/v2\/posts\/1212","targetHints":{"allow":["GET"]}}],"collection":[{"href":"https:\/\/wsf31.de\/index.php?rest_route=\/wp\/v2\/posts"}],"about":[{"href":"https:\/\/wsf31.de\/index.php?rest_route=\/wp\/v2\/types\/post"}],"author":[{"embeddable":true,"href":"https:\/\/wsf31.de\/index.php?rest_route=\/wp\/v2\/users\/13"}],"replies":[{"embeddable":true,"href":"https:\/\/wsf31.de\/index.php?rest_route=%2Fwp%2Fv2%2Fcomments&post=1212"}],"version-history":[{"count":2,"href":"https:\/\/wsf31.de\/index.php?rest_route=\/wp\/v2\/posts\/1212\/revisions"}],"predecessor-version":[{"id":1220,"href":"https:\/\/wsf31.de\/index.php?rest_route=\/wp\/v2\/posts\/1212\/revisions\/1220"}],"wp:featuredmedia":[{"embeddable":true,"href":"https:\/\/wsf31.de\/index.php?rest_route=\/wp\/v2\/media\/1219"}],"wp:attachment":[{"href":"https:\/\/wsf31.de\/index.php?rest_route=%2Fwp%2Fv2%2Fmedia&parent=1212"}],"wp:term":[{"taxonomy":"category","embeddable":true,"href":"https:\/\/wsf31.de\/index.php?rest_route=%2Fwp%2Fv2%2Fcategories&post=1212"},{"taxonomy":"post_tag","embeddable":true,"href":"https:\/\/wsf31.de\/index.php?rest_route=%2Fwp%2Fv2%2Ftags&post=1212"}],"curies":[{"name":"wp","href":"https:\/\/api.w.org\/{rel}","templated":true}]}}